{"id":4906,"date":"2021-09-07T15:59:54","date_gmt":"2021-09-07T18:59:54","guid":{"rendered":"http:\/\/blogviajero.com.ar\/?p=4906"},"modified":"2021-10-13T15:06:23","modified_gmt":"2021-10-13T18:06:23","slug":"al-otro-lado-del-rio-tiber-trastevere","status":"publish","type":"post","link":"https:\/\/blogviajero.com.ar\/en\/al-otro-lado-del-rio-tiber-trastevere\/","title":{"rendered":"Al otro lado del r\u00edo T\u00edber, \u00a1Trastevere!"},"content":{"rendered":"<p><em>Barrio que conserva su historia celosamente. Bohemio. Popular por su colorido. Sus calles estrechas y adoquinadas. Su vida nocturna con sus trattorias, bares y caf\u00e9s. El mercado de pulgas los domingos y las tiendas de artesan\u00edas. Esta es la combinaci\u00f3n perfecta de intelectualidad y calma que enamora a todos sus visitantes.<\/em><\/p>\n\n\n\n<blockquote class=\"wp-block-quote is-layout-flow wp-block-quote-is-layout-flow\"><p>Esta semana <strong>los vamos a distraer un rato de la Ciudadan\u00eda Italiana<\/strong> y les proponemos viajar con la mente????. Son las ultimas dos notas sobre <a rel=\"noreferrer noopener\" href=\"http:\/\/blogviajero.com.ar\/en\/cinco-recorridos-para-organizar-tu-visita-a-roma\/\" target=\"_blank\">los cinco recorridos que proponemos para conocer casi por completo la maravillosa ciudad de Roma.<\/a><\/p><\/blockquote>\n\n\n\n<p>En este post caminamos por las calles del decimotercer barrio de Roma para explorar los sitios m\u00e1s destacados y descubrir algunos no tan conocidos. <a href=\"https:\/\/www.google.com\/maps\/d\/u\/1\/viewer?mid=1kPKsr8G7m4cjIbL6dTo1DDrQM8OQiclH&amp;ll=41.89959441493741%2C12.484353287122087&amp;z=14\" target=\"_blank\" rel=\"noreferrer noopener\">Les dejamos ac\u00e1 un mapa de referencias.<\/a> <\/p>\n\n\n\n<p>En tiempos de COVID el movimiento y la vida de este hermoso barrio estar\u00e1 un poco modificado. Deseo que todo esto pase pronto para que Trastevere vuelva a tener toda su magia.<\/p>\n\n\n\n<div class=\"wp-block-image\"><figure class=\"aligncenter size-full\"><img data-recalc-dims=\"1\" decoding=\"async\" width=\"750\" height=\"968\" data-src=\"https:\/\/i0.wp.com\/blogviajero.com.ar\/wp-content\/uploads\/2021\/09\/trestevere2-blogviajero.com_.ar_.jpg?resize=750%2C968\" alt=\"\" class=\"wp-image-4909 lazyload\" data-srcset=\"https:\/\/i0.wp.com\/blogviajero.com.ar\/wp-content\/uploads\/2021\/09\/trestevere2-blogviajero.com_.ar_.jpg?w=750&amp;ssl=1 750w, https:\/\/i0.wp.com\/blogviajero.com.ar\/wp-content\/uploads\/2021\/09\/trestevere2-blogviajero.com_.ar_.jpg?resize=232%2C300&amp;ssl=1 232w, https:\/\/i0.wp.com\/blogviajero.com.ar\/wp-content\/uploads\/2021\/09\/trestevere2-blogviajero.com_.ar_.jpg?resize=9%2C12&amp;ssl=1 9w\" data-sizes=\"(max-width: 750px) 100vw, 750px\" src=\"data:image\/svg+xml;base64,PHN2ZyB3aWR0aD0iMSIgaGVpZ2h0PSIxIiB4bWxucz0iaHR0cDovL3d3dy53My5vcmcvMjAwMC9zdmciPjwvc3ZnPg==\" style=\"--smush-placeholder-width: 750px; --smush-placeholder-aspect-ratio: 750\/968;\" \/><\/figure><\/div>\n\n\n\n<h2 class=\"wp-block-heading\"><strong>\u00bfQu\u00e9 visitar y conocer en Trastevere?<\/strong><\/h2>\n\n\n\n<p>Trastevere se encuentra al otro lado del r\u00edo T\u00edber. Se llega a trav\u00e9s del <em>Puente Sisto o el Garibaldi<\/em>.<\/p>\n\n\n\n<p>Cruzando el <strong><em>Ponte Sisto<\/em><\/strong> les dar\u00e1 la bienvenida la <strong><em>Piazza Trilussa<\/em><\/strong>. Es una peque\u00f1a plaza seca dedicada al poeta romano Carlos Alberto Salustri, cuyo busto se encuentra a la derecha de la plaza. Sobresale la <em>Fontanone dei Cento Preti <\/em>(fuente de Los Cien Sacerdotes). Sus escaleras suelen ser el descanso de turistas y romanos.<\/p>\n\n\n\n<p>La <strong><em>Via della Scala<\/em><\/strong> o <strong><em>Via della Lungaretta<\/em><\/strong>, son las calles m\u00e1s frecuentadas en el barrio. Nace atravesando Piazza Trilussa.&nbsp;<\/p>\n\n\n\n<p>La ma\u00f1ana es un buen momento para comenzar a recorrer el barrio. Las tiendas y restaurantes est\u00e1n cerradas. La quietud por esas horas permite apreciar recovecos que pueden no ser vistos cuando el barrio empieza a tener movimiento; las esquinas y las diferentes plazas est\u00e1n protegidas por altares a la \u201cMadonna\u201d, la ropa tendida en las ventanas y los diversos colores que cubren las paredes de los edificios son algunos de los encantos que caracterizan esta zona.&nbsp;<\/p>\n\n\n\n<p class=\"has-white-color has-luminous-vivid-orange-background-color has-text-color has-background\">SUSCRIBIR AL BLOG POR MAIL<\/p>\n\n\n<div class=\"wp-block-jetpack-subscriptions__supports-newline wp-block-jetpack-subscriptions\">\n\t\t<div>\n\t\t\t<div>\n\t\t\t\t<div>\n\t\t\t\t\t<p >\n\t\t\t\t\t\t<a href=\"https:\/\/blogviajero.com.ar\/en\/?post_type=post&#038;p=4906\" style=\"font-size: 16px;padding: 15px 23px 15px 23px;margin: 0; margin-left: 10px;border-color: #ff6900;border-radius: 0px;border-width: 1px;border-color: #ff6900; border-style: solid; background-color: #ff6900; color: #FFFFFF; text-decoration: none; white-space: nowrap; margin-left: 0\">Subscribe<\/a>\n\t\t\t\t\t<\/p>\n\t\t\t\t<\/div>\n\t\t\t<\/div>\n\t\t<\/div>\n\t<\/div>\n\n\n<p>Llegado el mediod\u00eda comienzan a levantar las persianas los bares, las galer\u00edas de arte y las tiendas. Este es momento en que los romanos y turistas aparecen apoder\u00e1ndose de las calles y plazas.&nbsp;<br>La <strong><em>Piazza Santa Maria en Trastevere<\/em><\/strong>, concentra mucho movimiento en sus alrededores. Es una plaza adoquinada rodeada de edificios. En medio se encuentra una fuente y la iglesia <strong><em>Santa Maria in Trastevere<\/em><\/strong> sobresale por su p\u00f3rtico y su fachada dorada llena de mosaicos. En su interior los mosaicos bizantino decoran el altar mayor, las columnas son procedentes de las Termas de Caracalla, y llama la atenci\u00f3n su magn\u00edfico techo de madera.<\/p>\n\n\n\n<div class=\"wp-block-image\"><figure class=\"aligncenter size-full\"><img data-recalc-dims=\"1\" decoding=\"async\" width=\"750\" height=\"924\" data-src=\"https:\/\/i0.wp.com\/blogviajero.com.ar\/wp-content\/uploads\/2021\/09\/trestevere3-blogviajero.com_.ar_.jpg?resize=750%2C924\" alt=\"\" class=\"wp-image-4910 lazyload\" data-srcset=\"https:\/\/i0.wp.com\/blogviajero.com.ar\/wp-content\/uploads\/2021\/09\/trestevere3-blogviajero.com_.ar_.jpg?w=750&amp;ssl=1 750w, https:\/\/i0.wp.com\/blogviajero.com.ar\/wp-content\/uploads\/2021\/09\/trestevere3-blogviajero.com_.ar_.jpg?resize=244%2C300&amp;ssl=1 244w, https:\/\/i0.wp.com\/blogviajero.com.ar\/wp-content\/uploads\/2021\/09\/trestevere3-blogviajero.com_.ar_.jpg?resize=10%2C12&amp;ssl=1 10w\" data-sizes=\"(max-width: 750px) 100vw, 750px\" src=\"data:image\/svg+xml;base64,PHN2ZyB3aWR0aD0iMSIgaGVpZ2h0PSIxIiB4bWxucz0iaHR0cDovL3d3dy53My5vcmcvMjAwMC9zdmciPjwvc3ZnPg==\" style=\"--smush-placeholder-width: 750px; --smush-placeholder-aspect-ratio: 750\/924;\" \/><\/figure><\/div>\n\n\n\n<p>Los d\u00edas domingos desde las 7 de la ma\u00f1ana en <strong><em>Porta Portese<\/em><\/strong><em>, <\/em>una de las puertas de entrada m\u00e1s antiguas de la muralla que rodeaba a la ciudad,<em> <\/em>se instala un gran <em>mercado de pulgas<\/em>. Los puestos venden de todo; ropa vieja y nueva, joyas, antig\u00fcedades, libros, bicicletas, souvenirs, relojes entre mucho m\u00e1s. No solo encuentran baratijas o imitaciones con respecto a las antig\u00fcedades, tambi\u00e9n se venden aut\u00e9nticas reliquias.<em> (en tiempos de COVID esta actividad se puede ver modificada)<\/em><\/p>\n\n\n\n<p>En <strong><em>Piazza San Cosimato<\/em><\/strong> encontrar\u00e1n un mercado de frutas y verduras de lunes a s\u00e1bado por la ma\u00f1ana.<br>Otro lugar que amerita una visita es la <strong><em>iglesia de Santa Cecilia in Trastevere<\/em><\/strong>. Data del siglo V. Santa Cecilia, la santa de la m\u00fasica y los ciegos, vivi\u00f3 en Trastevere. Se cree que la iglesia se construye sobre el sitio donde Santa Cecilia fue torturada durante tres d\u00edas hasta morir. Su interior es precioso pero sencillo. Es interesante el altar que conserva la escultura de la santa que reproduce exactamente la postura en que se encontr\u00f3 su cuerpo cuando se reabre la tumba. La parte baja de la b\u00f3veda del altar est\u00e1 decorada con pinturas que reflejan la vida de la santa.<\/p>\n\n\n\n<div class=\"wp-block-image\"><figure class=\"aligncenter size-full\"><img data-recalc-dims=\"1\" decoding=\"async\" width=\"756\" height=\"420\" data-src=\"https:\/\/i0.wp.com\/blogviajero.com.ar\/wp-content\/uploads\/2021\/09\/trestevere5-blogviajero.com_.ar_-1.jpg?resize=756%2C420\" alt=\"\" class=\"wp-image-4914 lazyload\" data-srcset=\"https:\/\/i0.wp.com\/blogviajero.com.ar\/wp-content\/uploads\/2021\/09\/trestevere5-blogviajero.com_.ar_-1.jpg?w=756&amp;ssl=1 756w, https:\/\/i0.wp.com\/blogviajero.com.ar\/wp-content\/uploads\/2021\/09\/trestevere5-blogviajero.com_.ar_-1.jpg?resize=300%2C167&amp;ssl=1 300w, https:\/\/i0.wp.com\/blogviajero.com.ar\/wp-content\/uploads\/2021\/09\/trestevere5-blogviajero.com_.ar_-1.jpg?resize=18%2C10&amp;ssl=1 18w, https:\/\/i0.wp.com\/blogviajero.com.ar\/wp-content\/uploads\/2021\/09\/trestevere5-blogviajero.com_.ar_-1.jpg?resize=750%2C417&amp;ssl=1 750w\" data-sizes=\"(max-width: 756px) 100vw, 756px\" src=\"data:image\/svg+xml;base64,PHN2ZyB3aWR0aD0iMSIgaGVpZ2h0PSIxIiB4bWxucz0iaHR0cDovL3d3dy53My5vcmcvMjAwMC9zdmciPjwvc3ZnPg==\" style=\"--smush-placeholder-width: 756px; --smush-placeholder-aspect-ratio: 756\/420;\" \/><\/figure><\/div>\n\n\n\n<p>Por <em>Via Garibaldi<\/em>, se llega hasta <strong><em>San Pietro in Montorio<\/em><\/strong> (Piazza San Pietro in Montorio 2). Es un convento franciscano sede de la Academia de Espa\u00f1a en Roma. Dentro se encuentra el <strong><em>Tempietto<\/em><\/strong>, que es un peque\u00f1o templo de forma circular construido donde se crucific\u00f3 a San Pedro.&nbsp;<\/p>\n\n\n\n<p>Tengan en cuenta que la iglesia suele cerrar sus puertas al mediod\u00eda.<\/p>\n\n\n\n<p>Este recorrido tiene como fin llegar al <strong><em>parque de Gianicolo<\/em><\/strong>. Se pasa junto a la <strong><em>Fontana dell\u2019Acqua Paola<\/em><\/strong> conocida como la fuente de Gianicolo. En su construcci\u00f3n se utilizaron antiguas columnas romanas pertenecientes al Foro, adem\u00e1s la fuente est\u00e1 construida con piedras de m\u00e1rmol y granito del Foro de Nerva. Se dice que la Fontana di Trevi fue inspirada en esta fuente.<\/p>\n\n\n\n<div class=\"wp-block-image\"><figure class=\"aligncenter size-full\"><img data-recalc-dims=\"1\" decoding=\"async\" width=\"750\" height=\"649\" data-src=\"https:\/\/i0.wp.com\/blogviajero.com.ar\/wp-content\/uploads\/2021\/09\/trestevere4-blogviajero.com_.ar_.jpg?resize=750%2C649\" alt=\"\" class=\"wp-image-4916 lazyload\" data-srcset=\"https:\/\/i0.wp.com\/blogviajero.com.ar\/wp-content\/uploads\/2021\/09\/trestevere4-blogviajero.com_.ar_.jpg?w=750&amp;ssl=1 750w, https:\/\/i0.wp.com\/blogviajero.com.ar\/wp-content\/uploads\/2021\/09\/trestevere4-blogviajero.com_.ar_.jpg?resize=300%2C260&amp;ssl=1 300w, https:\/\/i0.wp.com\/blogviajero.com.ar\/wp-content\/uploads\/2021\/09\/trestevere4-blogviajero.com_.ar_.jpg?resize=14%2C12&amp;ssl=1 14w\" data-sizes=\"(max-width: 750px) 100vw, 750px\" src=\"data:image\/svg+xml;base64,PHN2ZyB3aWR0aD0iMSIgaGVpZ2h0PSIxIiB4bWxucz0iaHR0cDovL3d3dy53My5vcmcvMjAwMC9zdmciPjwvc3ZnPg==\" style=\"--smush-placeholder-width: 750px; --smush-placeholder-aspect-ratio: 750\/649;\" \/><\/figure><\/div>\n\n\n\n<p>Pr\u00f3ximo a la fuente hallaran la entrada al <strong><em>parque Gianicolo<\/em><\/strong> que ocupa la cima de la colina del mismo nombre. Subiendo por la <em>Passeggiata del Gianicolo<\/em> se llega a <em>Piazzale Giuseppe Garibaldi<\/em>. Desde su mirador se pueden reconocer varios monumentos de la ciudad.&nbsp;<\/p>\n\n\n\n<p><strong>Les recomiendo subir al atardecer.<\/strong><\/p>\n\n\n\n<p>Finalmente, la gastron\u00f3mica. <strong>Trastevere es una zona de restaurantes muy interesante<\/strong> sobre todo cuando llega la hora de cenar. Podr\u00e1n deleitarse con los sabores m\u00e1s modernos y sofisticados o buscar alguna taberna tradicional. La hora del mediod\u00eda tambi\u00e9n es agradable para almorzar y mucho m\u00e1s tranquila.&nbsp;<\/p>\n\n\n\n<p>Este barrio invita a caminar por sus callecitas o disfrutar de un descanso sentados en alg\u00fan bar tomando un aperol spritz.<\/p>\n\n\n\n<figure class=\"wp-block-image size-full\"><a href=\"https:\/\/cafecito.app\/blogviajero\"><img data-recalc-dims=\"1\" decoding=\"async\" width=\"362\" height=\"209\" data-src=\"https:\/\/i0.wp.com\/blogviajero.com.ar\/wp-content\/uploads\/2021\/05\/COLABORAR-1.jpg?resize=362%2C209\" alt=\"\" class=\"wp-image-4592 lazyload\" data-srcset=\"https:\/\/i0.wp.com\/blogviajero.com.ar\/wp-content\/uploads\/2021\/05\/COLABORAR-1.jpg?w=362&amp;ssl=1 362w, https:\/\/i0.wp.com\/blogviajero.com.ar\/wp-content\/uploads\/2021\/05\/COLABORAR-1.jpg?resize=300%2C173&amp;ssl=1 300w, https:\/\/i0.wp.com\/blogviajero.com.ar\/wp-content\/uploads\/2021\/05\/COLABORAR-1.jpg?resize=16%2C9&amp;ssl=1 16w, https:\/\/i0.wp.com\/blogviajero.com.ar\/wp-content\/uploads\/2021\/05\/COLABORAR-1.jpg?resize=360%2C209&amp;ssl=1 360w\" data-sizes=\"(max-width: 362px) 100vw, 362px\" src=\"data:image\/svg+xml;base64,PHN2ZyB3aWR0aD0iMSIgaGVpZ2h0PSIxIiB4bWxucz0iaHR0cDovL3d3dy53My5vcmcvMjAwMC9zdmciPjwvc3ZnPg==\" style=\"--smush-placeholder-width: 362px; --smush-placeholder-aspect-ratio: 362\/209;\" \/><\/a><\/figure>","protected":false},"excerpt":{"rendered":"<p>Barrio que conserva su historia celosamente. Bohemio. Popular por su colorido. Sus calles estrechas y adoquinadas. Su vida nocturna con sus trattorias, bares y caf\u00e9s. El mercado de pulgas los domingos y las tiendas de artesan\u00edas. Esta es la combinaci\u00f3n perfecta de intelectualidad y calma que enamora a todos sus visitantes. Esta semana los vamos [&hellip;]<\/p>\n","protected":false},"author":3,"featured_media":4915,"comment_status":"open","ping_status":"closed","sticky":false,"template":"","format":"standard","meta":{"advanced_seo_description":"","jetpack_seo_html_title":"","jetpack_seo_noindex":false,"jetpack_post_was_ever_published":false,"_jetpack_newsletter_access":"","_jetpack_dont_email_post_to_subs":false,"_jetpack_newsletter_tier_id":0,"_jetpack_memberships_contains_paywalled_content":false,"_jetpack_memberships_contains_paid_content":false,"footnotes":"","jetpack_publicize_message":"","jetpack_publicize_feature_enabled":true,"jetpack_social_post_already_shared":true,"jetpack_social_options":{"image_generator_settings":{"template":"highway","default_image_id":0,"font":"","enabled":false},"version":2}},"categories":[3,443,1145,1036],"tags":[30,444,1116,1115,1114,1117,1111,1113,1112],"class_list":["post-4906","post","type-post","status-publish","format-standard","has-post-thumbnail","hentry","category-destinos","category-europa-destinos","category-italia","category-roma","tag-guia-completa","tag-italia","tag-piazza-san-cosimato","tag-piazza-santa-mari","tag-sanpietroinmontorio","tag-santa-cecilia","tag-trilussa","tag-via-della-lungaretta","tag-via-della-scala"],"jetpack_publicize_connections":[],"jetpack_featured_media_url":"https:\/\/i0.wp.com\/blogviajero.com.ar\/wp-content\/uploads\/2021\/09\/trestevere1-blogviajero.com_.ar_.jpg?fit=750%2C475&ssl=1","jetpack_sharing_enabled":true,"jetpack-related-posts":[],"_links":{"self":[{"href":"https:\/\/blogviajero.com.ar\/en\/wp-json\/wp\/v2\/posts\/4906","targetHints":{"allow":["GET"]}}],"collection":[{"href":"https:\/\/blogviajero.com.ar\/en\/wp-json\/wp\/v2\/posts"}],"about":[{"href":"https:\/\/blogviajero.com.ar\/en\/wp-json\/wp\/v2\/types\/post"}],"author":[{"embeddable":true,"href":"https:\/\/blogviajero.com.ar\/en\/wp-json\/wp\/v2\/users\/3"}],"replies":[{"embeddable":true,"href":"https:\/\/blogviajero.com.ar\/en\/wp-json\/wp\/v2\/comments?post=4906"}],"version-history":[{"count":3,"href":"https:\/\/blogviajero.com.ar\/en\/wp-json\/wp\/v2\/posts\/4906\/revisions"}],"predecessor-version":[{"id":4919,"href":"https:\/\/blogviajero.com.ar\/en\/wp-json\/wp\/v2\/posts\/4906\/revisions\/4919"}],"wp:featuredmedia":[{"embeddable":true,"href":"https:\/\/blogviajero.com.ar\/en\/wp-json\/wp\/v2\/media\/4915"}],"wp:attachment":[{"href":"https:\/\/blogviajero.com.ar\/en\/wp-json\/wp\/v2\/media?parent=4906"}],"wp:term":[{"taxonomy":"category","embeddable":true,"href":"https:\/\/blogviajero.com.ar\/en\/wp-json\/wp\/v2\/categories?post=4906"},{"taxonomy":"post_tag","embeddable":true,"href":"https:\/\/blogviajero.com.ar\/en\/wp-json\/wp\/v2\/tags?post=4906"}],"curies":[{"name":"wp","href":"https:\/\/api.w.org\/{rel}","templated":true}]}}