{"id":3658,"date":"2020-08-25T15:01:59","date_gmt":"2020-08-25T18:01:59","guid":{"rendered":"http:\/\/blogviajero.com.ar\/?p=3658"},"modified":"2020-08-25T13:50:43","modified_gmt":"2020-08-25T16:50:43","slug":"latam-numeros-rojos-segundo-trimestre-reporta-759-menos-de-ingresos-que-igual-periodo-de-2019","status":"publish","type":"post","link":"https:\/\/blogviajero.com.ar\/en\/latam-numeros-rojos-segundo-trimestre-reporta-759-menos-de-ingresos-que-igual-periodo-de-2019\/","title":{"rendered":"LATAM n\u00fameros rojos: segundo trimestre reporta 75,9% menos de ingresos que igual per\u00edodo de 2019"},"content":{"rendered":"<p>LATAM Airlines inform\u00f3 en un comunicado que en el segundo trimestre de este a\u00f1o, tuvo ingresos por US$571,9 millones, lo que representa una <strong>ca\u00edda de 75,9% en relaci\u00f3n a igual per\u00edodo del a\u00f1o anterior<\/strong>. Como sucedi\u00f3 con todas las aerol\u00edneas del mundo tuvo una dr\u00e1stica reducci\u00f3n operaciones tras el cierre de fronteras y restricciones de viaje por el del COVID-19. Por otro lado en el comunicado destacan que esa baja fue compensada parcialmente por un <strong>incremento de 18,4% en los ingresos de carga.<\/strong><\/p>\n\n\n\n<p class=\"has-background has-luminous-vivid-amber-background-color\"><strong>SUSCRIBIR AL BLOG POR MAIL<\/strong><\/p>\n\n\n<div class=\"wp-block-jetpack-subscriptions__supports-newline wp-block-jetpack-subscriptions\">\n\t\t<div>\n\t\t\t<div>\n\t\t\t\t<div>\n\t\t\t\t\t<p >\n\t\t\t\t\t\t<a href=\"https:\/\/blogviajero.com.ar\/en\/?post_type=post&#038;p=3658\" style=\"font-size: 16px;padding: 15px 23px 15px 23px;margin: 0; margin-left: 10px;border-color: #fcb900;border-radius: 0px;border-width: 1px;border-color: #fcb900; border-style: solid; background-color: #113AF5; color: #FFFFFF; text-decoration: none; white-space: nowrap; margin-left: 0\">Subscribe<\/a>\n\t\t\t\t\t<\/p>\n\t\t\t\t<\/div>\n\t\t\t<\/div>\n\t\t<\/div>\n\t<\/div>\n\n\n<h2 class=\"wp-block-heading\"><strong>TAMBI\u00c9N BAJARON LOS COSTOS<\/strong><\/h2>\n\n\n\n<p>Los costos operacionales totales disminuyeron 45,6% durante el segundo trimestre, llegando a los US$1.266,7 millones. De esta forma, el grupo tuvo una p\u00e9rdida operacional de US$694,8 millones, cerrando el segundo trimestre con p\u00e9rdidas por US$890 millones.&nbsp;<\/p>\n\n\n\n<blockquote class=\"wp-block-quote is-layout-flow wp-block-quote-is-layout-flow\"><p>\u201cEstos resultados reflejan el profundo impacto que ha tenido la crisis en la industria aeron\u00e1utica y reafirma la necesidad de transformar al grupo para garantizar su sostenibilidad en el mediano plazo. Seguiremos trabajando para adaptarnos a este nuevo entorno y transformar a LATAM en una empresa m\u00e1s \u00e1gil, competitiva y eficiente\u201d<\/p><cite><strong>Roberto Alvo, CEO de LATAM Airlines Group.<\/strong><\/cite><\/blockquote>\n\n\n\n<h2 class=\"wp-block-heading\">REDUCCI\u00d3N DE PERSONAL<\/h2>\n\n\n\n<p>A ra\u00edz del impacto de la pandemia, desde principios del segundo trimestre a la fecha,<strong> la dotaci\u00f3n total del grupo ha disminuido en aproximadamente 12.600 trabajadores<\/strong>, siendo actualmente casi 30.0000 empleados en total.<\/p>","protected":false},"excerpt":{"rendered":"<p>LATAM Airlines inform\u00f3 en un comunicado que en el segundo trimestre de este a\u00f1o, tuvo ingresos por US$571,9 millones, lo que representa una ca\u00edda de 75,9% en relaci\u00f3n a igual per\u00edodo del a\u00f1o anterior. Como sucedi\u00f3 con todas las aerol\u00edneas del mundo tuvo una dr\u00e1stica reducci\u00f3n operaciones tras el cierre de fronteras y restricciones de [&hellip;]<\/p>\n","protected":false},"author":6,"featured_media":1840,"comment_status":"open","ping_status":"closed","sticky":false,"template":"","format":"standard","meta":{"advanced_seo_description":"","jetpack_seo_html_title":"","jetpack_seo_noindex":false,"jetpack_post_was_ever_published":false,"_jetpack_newsletter_access":"","_jetpack_dont_email_post_to_subs":false,"_jetpack_newsletter_tier_id":0,"_jetpack_memberships_contains_paywalled_content":false,"_jetpack_memberships_contains_paid_content":false,"footnotes":"","jetpack_publicize_message":"","jetpack_publicize_feature_enabled":true,"jetpack_social_post_already_shared":true,"jetpack_social_options":{"image_generator_settings":{"template":"highway","default_image_id":0,"font":"","enabled":false},"version":2}},"categories":[4],"tags":[391,613,289,112,611,743,666],"class_list":["post-3658","post","type-post","status-publish","format-standard","has-post-thumbnail","hentry","category-aerolineas-y-aviones","tag-coronavirus","tag-covid","tag-crisis","tag-latam","tag-latam-airlines","tag-numeros-rojos","tag-pandemia"],"jetpack_publicize_connections":[],"jetpack_featured_media_url":"https:\/\/i0.wp.com\/blogviajero.com.ar\/wp-content\/uploads\/2019\/12\/Blogviajero-Latam.jpg?fit=1380%2C1035&ssl=1","jetpack_sharing_enabled":true,"jetpack-related-posts":[],"_links":{"self":[{"href":"https:\/\/blogviajero.com.ar\/en\/wp-json\/wp\/v2\/posts\/3658","targetHints":{"allow":["GET"]}}],"collection":[{"href":"https:\/\/blogviajero.com.ar\/en\/wp-json\/wp\/v2\/posts"}],"about":[{"href":"https:\/\/blogviajero.com.ar\/en\/wp-json\/wp\/v2\/types\/post"}],"author":[{"embeddable":true,"href":"https:\/\/blogviajero.com.ar\/en\/wp-json\/wp\/v2\/users\/6"}],"replies":[{"embeddable":true,"href":"https:\/\/blogviajero.com.ar\/en\/wp-json\/wp\/v2\/comments?post=3658"}],"version-history":[{"count":3,"href":"https:\/\/blogviajero.com.ar\/en\/wp-json\/wp\/v2\/posts\/3658\/revisions"}],"predecessor-version":[{"id":3662,"href":"https:\/\/blogviajero.com.ar\/en\/wp-json\/wp\/v2\/posts\/3658\/revisions\/3662"}],"wp:featuredmedia":[{"embeddable":true,"href":"https:\/\/blogviajero.com.ar\/en\/wp-json\/wp\/v2\/media\/1840"}],"wp:attachment":[{"href":"https:\/\/blogviajero.com.ar\/en\/wp-json\/wp\/v2\/media?parent=3658"}],"wp:term":[{"taxonomy":"category","embeddable":true,"href":"https:\/\/blogviajero.com.ar\/en\/wp-json\/wp\/v2\/categories?post=3658"},{"taxonomy":"post_tag","embeddable":true,"href":"https:\/\/blogviajero.com.ar\/en\/wp-json\/wp\/v2\/tags?post=3658"}],"curies":[{"name":"wp","href":"https:\/\/api.w.org\/{rel}","templated":true}]}}