{"id":3400,"date":"2020-07-01T11:29:03","date_gmt":"2020-07-01T14:29:03","guid":{"rendered":"http:\/\/blogviajero.com.ar\/?p=3400"},"modified":"2021-01-20T16:00:39","modified_gmt":"2021-01-20T19:00:39","slug":"como-era-de-esperarse-no-vuelven-los-vuelos-de-cabotaje-este-mes","status":"publish","type":"post","link":"https:\/\/blogviajero.com.ar\/en\/como-era-de-esperarse-no-vuelven-los-vuelos-de-cabotaje-este-mes\/","title":{"rendered":"Como era de esperarse NO vuelven los vuelos de cabotaje este mes"},"content":{"rendered":"<p>A mediados de junio inform\u00e1bamos, con algo de dudas, que desde T\u00e9lam (la agencia nacional de noticias) <a rel=\"noreferrer noopener\" href=\"http:\/\/blogviajero.com.ar\/en\/telam-dan-por-hecho-que-vuelven-los-vuelos-en-julio\/\" target=\"_blank\">daban por hecho la vuelta de los vuelos dom\u00e9sticos <\/a>para las vacaciones de invierno de nuestro pa\u00eds. Sin embargo, como era de esperarse por la evoluci\u00f3n de la pandemia, se confirm\u00f3 que todav\u00eda no regresar\u00e1n.<\/p>\n\n\n\n<p>El ministro de Transporte Mario Meoni explic\u00f3 en una entrevista radial que esta decisi\u00f3n de posponer el regreso se debe al aumento de casos en el AMBA. La idea original era que vuelvan el 15 de julio y en un n\u00famero reducido de entre 32 y 38 vuelos semanales. <\/p>\n\n\n\n<blockquote class=\"wp-block-quote is-layout-flow wp-block-quote-is-layout-flow\"><p>\u00abEsper\u00e1bamos ponerlo en funcionamiento a mediados de julio y empezar con la\u00a0interconexi\u00f3n entre provincias\u00a0que no tuvieran circulaci\u00f3n comunitaria de COVID-19, pero dadas las circunstancias de un incremento notorio en la Ciudad de Buenos Aires, no podemos garantizar que no transportemos el virus desde Buenos Aires hacia algunas provincias\u00bb<\/p><\/blockquote>\n\n\n\n<p>Por otro lado, en relaci\u00f3n a la situaci\u00f3n del resto de las provincias explic\u00f3 que <em>\u00abhay conectividad de\u00a0<strong>vuelos especiales<\/strong>\u00a0a algunas provincias. Eso va a ir increment\u00e1ndose a medida que las actividades de los distritos vayan aumentando\u00bb<\/em><\/p>\n\n\n\n<p>Ahora solo queda esperar estas casi 3 semanas que nos quedan de cuarentena en el AMBA (No se ustedes pero esto del \u00abAMBA\u00bb es un t\u00e9rmino que nunca hab\u00eda escuchado antes de la pandemia). Las novedades pueden surgir en cualquier momento, y no nos queda opci\u00f3n m\u00e1s que tener paciencia para estos idas y vueltas. <\/p>\n\n\n\n<p>El horizonte de <strong>vuelos a partir del 1 de septiembre<\/strong> est\u00e1 a la vuelta de la esquina. Muy diferente de lo que sent\u00edamos all\u00e1 por abril cuando la <a rel=\"noreferrer noopener\" href=\"http:\/\/blogviajero.com.ar\/en\/la-anac-autorizo-la-venta-anticipada-de-pasajes-a-partir-del-1-de-septiembre\/\" target=\"_blank\">ANAC autorizaba la venta de pasajes a partir de esa fecha<\/a>! <\/p>","protected":false},"excerpt":{"rendered":"<p>A mediados de junio inform\u00e1bamos, con algo de dudas, que desde T\u00e9lam (la agencia nacional de noticias) daban por hecho la vuelta de los vuelos dom\u00e9sticos para las vacaciones de invierno de nuestro pa\u00eds. Sin embargo, como era de esperarse por la evoluci\u00f3n de la pandemia, se confirm\u00f3 que todav\u00eda no regresar\u00e1n. El ministro de [&hellip;]<\/p>\n","protected":false},"author":6,"featured_media":630,"comment_status":"open","ping_status":"closed","sticky":false,"template":"","format":"standard","meta":{"advanced_seo_description":"","jetpack_seo_html_title":"","jetpack_seo_noindex":false,"jetpack_post_was_ever_published":false,"_jetpack_newsletter_access":"","_jetpack_dont_email_post_to_subs":false,"_jetpack_newsletter_tier_id":0,"_jetpack_memberships_contains_paywalled_content":false,"_jetpack_memberships_contains_paid_content":false,"footnotes":"","jetpack_publicize_message":"","jetpack_publicize_feature_enabled":true,"jetpack_social_post_already_shared":true,"jetpack_social_options":{"image_generator_settings":{"template":"highway","default_image_id":0,"font":"","enabled":false},"version":2}},"categories":[4],"tags":[673,93,125,391,613,674,666,270],"class_list":["post-3400","post","type-post","status-publish","format-standard","has-post-thumbnail","hentry","category-aerolineas-y-aviones","tag-amba","tag-argentina","tag-cabotaje","tag-coronavirus","tag-covid","tag-nacionales","tag-pandemia","tag-vuelos"],"jetpack_publicize_connections":[],"jetpack_featured_media_url":"https:\/\/i0.wp.com\/blogviajero.com.ar\/wp-content\/uploads\/2019\/06\/2019-06-21_171232.jpg?fit=795%2C495&ssl=1","jetpack_sharing_enabled":true,"jetpack-related-posts":[],"_links":{"self":[{"href":"https:\/\/blogviajero.com.ar\/en\/wp-json\/wp\/v2\/posts\/3400","targetHints":{"allow":["GET"]}}],"collection":[{"href":"https:\/\/blogviajero.com.ar\/en\/wp-json\/wp\/v2\/posts"}],"about":[{"href":"https:\/\/blogviajero.com.ar\/en\/wp-json\/wp\/v2\/types\/post"}],"author":[{"embeddable":true,"href":"https:\/\/blogviajero.com.ar\/en\/wp-json\/wp\/v2\/users\/6"}],"replies":[{"embeddable":true,"href":"https:\/\/blogviajero.com.ar\/en\/wp-json\/wp\/v2\/comments?post=3400"}],"version-history":[{"count":4,"href":"https:\/\/blogviajero.com.ar\/en\/wp-json\/wp\/v2\/posts\/3400\/revisions"}],"predecessor-version":[{"id":3404,"href":"https:\/\/blogviajero.com.ar\/en\/wp-json\/wp\/v2\/posts\/3400\/revisions\/3404"}],"wp:featuredmedia":[{"embeddable":true,"href":"https:\/\/blogviajero.com.ar\/en\/wp-json\/wp\/v2\/media\/630"}],"wp:attachment":[{"href":"https:\/\/blogviajero.com.ar\/en\/wp-json\/wp\/v2\/media?parent=3400"}],"wp:term":[{"taxonomy":"category","embeddable":true,"href":"https:\/\/blogviajero.com.ar\/en\/wp-json\/wp\/v2\/categories?post=3400"},{"taxonomy":"post_tag","embeddable":true,"href":"https:\/\/blogviajero.com.ar\/en\/wp-json\/wp\/v2\/tags?post=3400"}],"curies":[{"name":"wp","href":"https:\/\/api.w.org\/{rel}","templated":true}]}}