{"id":3128,"date":"2020-05-24T15:09:04","date_gmt":"2020-05-24T18:09:04","guid":{"rendered":"http:\/\/blogviajero.com.ar\/?p=3128"},"modified":"2020-05-24T15:21:04","modified_gmt":"2020-05-24T18:21:04","slug":"brotes-verdes-espana-abre-fronteras-a-partir-de-julio","status":"publish","type":"post","link":"https:\/\/blogviajero.com.ar\/en\/brotes-verdes-espana-abre-fronteras-a-partir-de-julio\/","title":{"rendered":"Espa\u00f1a abre fronteras a partir de julio"},"content":{"rendered":"<p>Seguimos recibiendo<a href=\"http:\/\/blogviajero.com.ar\/en\/2020\/05\/18\/brotes-verdes-italia-y-alemania-abren-de-fronteras\/\"> noticias positivas desde diferentes partes del mundo<\/a>. Por suerte y muy lentamente la pandemia de coronavirus esta reduciendo su impacto y la vida se va normalizando. Menos en el AMBA ????<\/p>\n\n\n\n<p><strong>En este caso las novedades llegan desde Espa\u00f1a<\/strong> donde se anuncio la reactivaci\u00f3n del turismo nacional para esta temporada de verano.<\/p>\n\n\n\n<blockquote class=\"wp-block-quote is-layout-flow wp-block-quote-is-layout-flow\"><p>HABR\u00c1 TEMPORADA DE VERANO PARA TURISTAS NACIONALES E INTERNACIONALES<\/p><\/blockquote>\n\n\n\n<p>El presidente, Pedro S\u00e1nchez, realiz\u00f3 un comunicado en redes sociales <strong>invitando a todo el rubro turismo a prepararse para reanudar su actividad en pocos d\u00edas.<\/strong>  Por otro lado, tambi\u00e9n inst\u00f3 a turistas nacionales e internacionales a comenzar a preparar sus vacaciones en Espa\u00f1a. <\/p>\n\n\n\n<p>En el anunci\u00f3 se comunic\u00f3 que Espa\u00f1a <strong>reabrir\u00e1 sus fronteras a los turistas internacionales en julio<\/strong>, sin indicar fecha exacta.<\/p>\n\n\n\n<blockquote class=\"wp-block-quote is-layout-flow wp-block-quote-is-layout-flow\"><p>A partir del mes de julio se reanudar\u00e1 la entrada de turismo extranjero a Espa\u00f1a en condiciones de seguridad. (&#8230;) Garantizaremos que los turistas no correr\u00e1n ning\u00fan riesgo y que tampoco nos traer\u00e1n riesgos a nuestro pa\u00eds\u00bb <\/p><cite>Pedro S\u00e1nchez<\/cite><\/blockquote>\n\n\n\n<p>Unos d\u00edas atr\u00e1s<a href=\"http:\/\/blogviajero.com.ar\/en\/2020\/05\/19\/comision-europea-recomienda-apertura-de-fronteras-internas-en-el-viejo-continente\/\"> la Comisi\u00f3n Europea recomend\u00f3 a los pa\u00edses miembros comenzar a trabajar en la reapertura de fronteras<\/a>. Por otro lado, un dato no menor, que probablemente tambi\u00e9n influy\u00f3 en esta decisi\u00f3n, es que los visitantes extranjeros aportan en torno a un octavo de la producci\u00f3n econ\u00f3mica de Espa\u00f1a. <\/p>","protected":false},"excerpt":{"rendered":"<p>Seguimos recibiendo noticias positivas desde diferentes partes del mundo. Por suerte y muy lentamente la pandemia de coronavirus esta reduciendo su impacto y la vida se va normalizando. Menos en el AMBA ???? En este caso las novedades llegan desde Espa\u00f1a donde se anuncio la reactivaci\u00f3n del turismo nacional para esta temporada de verano. HABR\u00c1 [&hellip;]<\/p>\n","protected":false},"author":5,"featured_media":3131,"comment_status":"open","ping_status":"closed","sticky":false,"template":"","format":"standard","meta":{"advanced_seo_description":"","jetpack_seo_html_title":"","jetpack_seo_noindex":false,"jetpack_post_was_ever_published":false,"_jetpack_newsletter_access":"","_jetpack_dont_email_post_to_subs":false,"_jetpack_newsletter_tier_id":0,"_jetpack_memberships_contains_paywalled_content":false,"_jetpack_memberships_contains_paid_content":false,"footnotes":"","jetpack_publicize_message":"","jetpack_publicize_feature_enabled":true,"jetpack_social_post_already_shared":false,"jetpack_social_options":{"image_generator_settings":{"template":"highway","default_image_id":0,"font":"","enabled":false},"version":2}},"categories":[3,623,443],"tags":[625,391,613,624,484,626,607],"class_list":["post-3128","post","type-post","status-publish","format-standard","has-post-thumbnail","hentry","category-destinos","category-espana","category-europa-destinos","tag-apertura","tag-coronavirus","tag-covid","tag-espana","tag-fronteras","tag-pedro-sanchez","tag-reapertura"],"jetpack_publicize_connections":[],"jetpack_featured_media_url":"https:\/\/i0.wp.com\/blogviajero.com.ar\/wp-content\/uploads\/2020\/05\/pedro-sanchez-blogviajero.com_.ar-24052020.jpg?fit=750%2C568&ssl=1","jetpack_sharing_enabled":true,"jetpack-related-posts":[],"_links":{"self":[{"href":"https:\/\/blogviajero.com.ar\/en\/wp-json\/wp\/v2\/posts\/3128","targetHints":{"allow":["GET"]}}],"collection":[{"href":"https:\/\/blogviajero.com.ar\/en\/wp-json\/wp\/v2\/posts"}],"about":[{"href":"https:\/\/blogviajero.com.ar\/en\/wp-json\/wp\/v2\/types\/post"}],"author":[{"embeddable":true,"href":"https:\/\/blogviajero.com.ar\/en\/wp-json\/wp\/v2\/users\/5"}],"replies":[{"embeddable":true,"href":"https:\/\/blogviajero.com.ar\/en\/wp-json\/wp\/v2\/comments?post=3128"}],"version-history":[{"count":4,"href":"https:\/\/blogviajero.com.ar\/en\/wp-json\/wp\/v2\/posts\/3128\/revisions"}],"predecessor-version":[{"id":3134,"href":"https:\/\/blogviajero.com.ar\/en\/wp-json\/wp\/v2\/posts\/3128\/revisions\/3134"}],"wp:featuredmedia":[{"embeddable":true,"href":"https:\/\/blogviajero.com.ar\/en\/wp-json\/wp\/v2\/media\/3131"}],"wp:attachment":[{"href":"https:\/\/blogviajero.com.ar\/en\/wp-json\/wp\/v2\/media?parent=3128"}],"wp:term":[{"taxonomy":"category","embeddable":true,"href":"https:\/\/blogviajero.com.ar\/en\/wp-json\/wp\/v2\/categories?post=3128"},{"taxonomy":"post_tag","embeddable":true,"href":"https:\/\/blogviajero.com.ar\/en\/wp-json\/wp\/v2\/tags?post=3128"}],"curies":[{"name":"wp","href":"https:\/\/api.w.org\/{rel}","templated":true}]}}