{"id":3121,"date":"2020-05-22T10:27:11","date_gmt":"2020-05-22T13:27:11","guid":{"rendered":"http:\/\/blogviajero.com.ar\/?p=3121"},"modified":"2020-05-22T10:27:13","modified_gmt":"2020-05-22T13:27:13","slug":"latam-nuevos-anuncios-reprogramaciones-hasta-2021-y-mas","status":"publish","type":"post","link":"https:\/\/blogviajero.com.ar\/en\/latam-nuevos-anuncios-reprogramaciones-hasta-2021-y-mas\/","title":{"rendered":"LATAM nuevos anuncios: reprogramaciones hasta 2021 y m\u00e1s"},"content":{"rendered":"<p>LATAM Airlines realiz\u00f3 dos anuncios relacionados a la operatoria en el pa\u00eds y a reprogramaciones de vuelos cancelados.<\/p>\n\n\n\n<p>Mediante un comunicado inform\u00f3 que se extiende, durante julio y agosto, la suspensi\u00f3n de toda su operaci\u00f3n dom\u00e9stica e internacional desde y hacia Argentina. Esto no es novedad ya que <a href=\"http:\/\/blogviajero.com.ar\/en\/2020\/04\/26\/la-anac-autorizo-la-venta-anticipada-de-pasajes-a-partir-del-1-de-septiembre\/\">hace tiempo se suspendi\u00f3 todo a nivel nacional hasta el 1 de septiembre.<\/a> Ahora, todos los que ten\u00edan reservas para julio y agosto podr\u00e1n reprogramar sus vuelos.<\/p>\n\n\n\n<h2 class=\"wp-block-heading\">\u00bfHasta cuando se pueden reprogramar?<\/h2>\n\n\n\n<p>La segunda novedad, mucho m\u00e1s relevante! <strong>Se podr\u00e1 reprogramar hasta marzo 2021.<\/strong> Originalmente LATAM permit\u00eda reprogramar vuelos cancelados hasta diciembre 2020, fecha que cada d\u00eda parece m\u00e1s cercana. <\/p>\n\n\n\n<h4 class=\"wp-block-heading\">El Comunicado Completo<\/h4>\n\n\n\n<blockquote class=\"wp-block-quote is-layout-flow wp-block-quote-is-layout-flow\"><p>Buenos Aires, mayo de 2020. LATAM Airlines inform\u00f3 que, durante el mes de julio y agosto la operaci\u00f3n dom\u00e9stica, regional e internacional desde y hacia Argentina permanecer\u00e1 suspendida; debido a la restricci\u00f3n dispuesta por las autoridades aeron\u00e1uticas (resoluci\u00f3n 143 y 144\/2020) que proh\u00edbe la comercializaci\u00f3n de vuelos desde, hacia y dentro del pa\u00eds, y la ca\u00edda de la demanda.<\/p><p>En el marco de la crisis a escala global que vive la industria a\u00e9rea, con una ca\u00edda de la demanda superior al 70% (para el segundo trimestre del a\u00f1o) y una p\u00e9rdida de efectivo de 61000 millones USD; que lo vuelve el peor momento de la historia, con una amenaza en la continuidad de 25 millones de empleos en todo el mundo (2,7 millones directos en las l\u00edneas a\u00e9reas) y el sustento de 65,5 millones de personas que dependen de la aviaci\u00f3n y sectores relacionados, como el turismo.<\/p><p>En tanto, todos los pasajeros que tengan vuelos cancelados no necesitan realizar ninguna acci\u00f3n inmediata, los cambios se ver\u00e1n reflejados en los sistemas de reservas en las pr\u00f3ximas horas. El valor de su pasaje se conservar\u00e1 autom\u00e1ticamente como cr\u00e9dito para viajes futuros, o podr\u00e1n reprogramar la fecha de su vuelo, sin costo alguno, para volar este a\u00f1o, o en 2021.<\/p><p>Para ver la pol\u00edtica completa de flexibilidad comercial, por favor ingrese aqu\u00ed. Cualquier otra novedad acerca de la operaci\u00f3n ser\u00e1 informada oportunamente.<\/p><\/blockquote>","protected":false},"excerpt":{"rendered":"<p>LATAM Airlines realiz\u00f3 dos anuncios relacionados a la operatoria en el pa\u00eds y a reprogramaciones de vuelos cancelados. Mediante un comunicado inform\u00f3 que se extiende, durante julio y agosto, la suspensi\u00f3n de toda su operaci\u00f3n dom\u00e9stica e internacional desde y hacia Argentina. Esto no es novedad ya que hace tiempo se suspendi\u00f3 todo a nivel [&hellip;]<\/p>\n","protected":false},"author":5,"featured_media":1102,"comment_status":"open","ping_status":"closed","sticky":false,"template":"","format":"standard","meta":{"advanced_seo_description":"","jetpack_seo_html_title":"","jetpack_seo_noindex":false,"jetpack_post_was_ever_published":false,"_jetpack_newsletter_access":"","_jetpack_dont_email_post_to_subs":false,"_jetpack_newsletter_tier_id":0,"_jetpack_memberships_contains_paywalled_content":false,"_jetpack_memberships_contains_paid_content":false,"footnotes":"","jetpack_publicize_message":"","jetpack_publicize_feature_enabled":true,"jetpack_social_post_already_shared":false,"jetpack_social_options":{"image_generator_settings":{"template":"highway","default_image_id":0,"font":"","enabled":false},"version":2}},"categories":[4],"tags":[592,622,391,613,621,611,620,270],"class_list":["post-3121","post","type-post","status-publish","format-standard","has-post-thumbnail","hentry","category-aerolineas-y-aviones","tag-1-de-septiembre","tag-agosto","tag-coronavirus","tag-covid","tag-julio","tag-latam-airlines","tag-reprogramar","tag-vuelos"],"jetpack_publicize_connections":[],"jetpack_featured_media_url":"https:\/\/i0.wp.com\/blogviajero.com.ar\/wp-content\/uploads\/2019\/08\/LATAM-AIRLINES-BRASIL-AIRBUS-A320-1.png?fit=1169%2C773&ssl=1","jetpack_sharing_enabled":true,"jetpack-related-posts":[],"_links":{"self":[{"href":"https:\/\/blogviajero.com.ar\/en\/wp-json\/wp\/v2\/posts\/3121","targetHints":{"allow":["GET"]}}],"collection":[{"href":"https:\/\/blogviajero.com.ar\/en\/wp-json\/wp\/v2\/posts"}],"about":[{"href":"https:\/\/blogviajero.com.ar\/en\/wp-json\/wp\/v2\/types\/post"}],"author":[{"embeddable":true,"href":"https:\/\/blogviajero.com.ar\/en\/wp-json\/wp\/v2\/users\/5"}],"replies":[{"embeddable":true,"href":"https:\/\/blogviajero.com.ar\/en\/wp-json\/wp\/v2\/comments?post=3121"}],"version-history":[{"count":2,"href":"https:\/\/blogviajero.com.ar\/en\/wp-json\/wp\/v2\/posts\/3121\/revisions"}],"predecessor-version":[{"id":3123,"href":"https:\/\/blogviajero.com.ar\/en\/wp-json\/wp\/v2\/posts\/3121\/revisions\/3123"}],"wp:featuredmedia":[{"embeddable":true,"href":"https:\/\/blogviajero.com.ar\/en\/wp-json\/wp\/v2\/media\/1102"}],"wp:attachment":[{"href":"https:\/\/blogviajero.com.ar\/en\/wp-json\/wp\/v2\/media?parent=3121"}],"wp:term":[{"taxonomy":"category","embeddable":true,"href":"https:\/\/blogviajero.com.ar\/en\/wp-json\/wp\/v2\/categories?post=3121"},{"taxonomy":"post_tag","embeddable":true,"href":"https:\/\/blogviajero.com.ar\/en\/wp-json\/wp\/v2\/tags?post=3121"}],"curies":[{"name":"wp","href":"https:\/\/api.w.org\/{rel}","templated":true}]}}