{"id":2725,"date":"2020-03-19T11:10:41","date_gmt":"2020-03-19T14:10:41","guid":{"rendered":"http:\/\/blogviajero.com.ar\/?p=2725"},"modified":"2020-03-19T11:57:53","modified_gmt":"2020-03-19T14:57:53","slug":"al-virus-lo-frenamos-entre-todos","status":"publish","type":"post","link":"https:\/\/blogviajero.com.ar\/en\/al-virus-lo-frenamos-entre-todos\/","title":{"rendered":"Al virus lo frenamos entre todos! Somos Responsables"},"content":{"rendered":"<h2 class=\"wp-block-heading\">Viralicemos la responsabilidad #SomosResponsables<\/h2>\n\n\n\n<p>Los medios period\u00edsticos de todo el pa\u00eds, instituciones del mundo acad\u00e9mico, profesional y de la comunicaci\u00f3n, se unieron para transmitir un mensaje conjunto, desde el blog nos sumamos a la difusi\u00f3n:  <strong>\u00abviralicemos la responsabilidad\u00bb<\/strong> <\/p>\n\n\n\n<p>La consigna incluye el hashtag  <strong>#SomosResponsables <\/strong>para promover conductas b\u00e1sicas y comportamientos responsables en la tarea de enfrentar y detener la expansi\u00f3n del coronavirus:<\/p>\n\n\n\n<p>Seguro vos, lector joven y sano, ten\u00e9s a tus viejos o abuelos que son grandes! Se responsable y quedate en casa!  Y seguro vos, madre o abuela \u00abprecavida\u00bb que compraste todo el alcohol en gel del super, tenes un hijo que no lleg\u00f3 a comprarlo! Se responsable y compra con conciencia.  <strong>#SomosResponsables<\/strong><\/p>\n\n\n\n<p>La lista podr\u00eda ser infinita! los invitamos a compartir sus ideas y viralizar esta campa\u00f1a!  La propuesta es ayudar a crear conciencia sobre la pandemia y c\u00f3mo enfrentarla desde la responsabilidad de cada uno.&nbsp;  <\/p>\n\n\n\n<blockquote class=\"wp-block-quote is-layout-flow wp-block-quote-is-layout-flow\"><p><strong>#SomosResponsables&nbsp;<\/strong>lav\u00e1ndonos correctamente las manos con agua y jab\u00f3n.<\/p><p><strong>#SomosResponsables <\/strong>cambiando h\u00e1bitos y evitando tocarnos la cara con las manos.<\/p><p><strong>#SomosResponsables&nbsp;<\/strong>comprando alcohol en gel en cantidades razonables! as\u00ed todos podemos tener. <\/p><p><strong>#SomosResponsables&nbsp;<\/strong>inform\u00e1ndonos lo m\u00e1s posible sobre esta pandemia.  <\/p><p><strong>#SomosResponsables&nbsp;<\/strong>aplicando distancia social.<\/p><p><strong>#SomosResponsables&nbsp;<\/strong>aisl\u00e1ndonos 14 d\u00edas en caso de haber estado en un pa\u00eds de riesgo o en contacto con un potencial contagiado.<\/p><p> <strong>#SomosResponsables&nbsp;<\/strong>difundiendo informaci\u00f3n que provenga solo de fuentes confiables. <\/p><p><strong>#SomosResponsables&nbsp;<\/strong>denunciando a quien incumple una cuarentena.<\/p><p><strong>#SomosResponsables <\/strong>evitando ir a la guardia si tenemos s\u00edntomas que aplican al coronavirus<\/p><\/blockquote>\n\n\n\n<p style=\"text-align:center\" class=\"has-background has-huge-font-size has-pale-cyan-blue-background-color\"><strong>#SomosResponsables <\/strong><br><strong> <\/strong> <br><strong>?<\/strong> <\/p>\n\n\n\n<p>Claramente el \u00e9xito de las medidas que se adoptaron en nuestro pa\u00eds depende del compromiso de todos!  Estemos o no en los grupos de riesgos, tengamos o no enfermedades previas, seamos j\u00f3venes o viejos.  <br> <\/p>","protected":false},"excerpt":{"rendered":"<p>Viralicemos la responsabilidad #SomosResponsables Los medios period\u00edsticos de todo el pa\u00eds, instituciones del mundo acad\u00e9mico, profesional y de la comunicaci\u00f3n, se unieron para transmitir un mensaje conjunto, desde el blog nos sumamos a la difusi\u00f3n: \u00abviralicemos la responsabilidad\u00bb La consigna incluye el hashtag #SomosResponsables para promover conductas b\u00e1sicas y comportamientos responsables en la tarea de [&hellip;]<\/p>\n","protected":false},"author":5,"featured_media":2726,"comment_status":"open","ping_status":"closed","sticky":false,"template":"","format":"standard","meta":{"advanced_seo_description":"","jetpack_seo_html_title":"","jetpack_seo_noindex":false,"jetpack_post_was_ever_published":false,"_jetpack_newsletter_access":"","_jetpack_dont_email_post_to_subs":false,"_jetpack_newsletter_tier_id":0,"_jetpack_memberships_contains_paywalled_content":false,"_jetpack_memberships_contains_paid_content":false,"footnotes":"","jetpack_publicize_message":"","jetpack_publicize_feature_enabled":true,"jetpack_social_post_already_shared":false,"jetpack_social_options":{"image_generator_settings":{"template":"highway","default_image_id":0,"font":"","enabled":false},"version":2}},"categories":[3],"tags":[391,496,497],"class_list":["post-2725","post","type-post","status-publish","format-standard","has-post-thumbnail","hentry","category-destinos","tag-coronavirus","tag-somos-responsables","tag-viral"],"jetpack_publicize_connections":[],"jetpack_featured_media_url":"https:\/\/i0.wp.com\/blogviajero.com.ar\/wp-content\/uploads\/2020\/03\/coronavirus-blogviajero.com_.ar_-1.jpg?fit=1024%2C512&ssl=1","jetpack_sharing_enabled":true,"jetpack-related-posts":[],"_links":{"self":[{"href":"https:\/\/blogviajero.com.ar\/en\/wp-json\/wp\/v2\/posts\/2725","targetHints":{"allow":["GET"]}}],"collection":[{"href":"https:\/\/blogviajero.com.ar\/en\/wp-json\/wp\/v2\/posts"}],"about":[{"href":"https:\/\/blogviajero.com.ar\/en\/wp-json\/wp\/v2\/types\/post"}],"author":[{"embeddable":true,"href":"https:\/\/blogviajero.com.ar\/en\/wp-json\/wp\/v2\/users\/5"}],"replies":[{"embeddable":true,"href":"https:\/\/blogviajero.com.ar\/en\/wp-json\/wp\/v2\/comments?post=2725"}],"version-history":[{"count":13,"href":"https:\/\/blogviajero.com.ar\/en\/wp-json\/wp\/v2\/posts\/2725\/revisions"}],"predecessor-version":[{"id":2750,"href":"https:\/\/blogviajero.com.ar\/en\/wp-json\/wp\/v2\/posts\/2725\/revisions\/2750"}],"wp:featuredmedia":[{"embeddable":true,"href":"https:\/\/blogviajero.com.ar\/en\/wp-json\/wp\/v2\/media\/2726"}],"wp:attachment":[{"href":"https:\/\/blogviajero.com.ar\/en\/wp-json\/wp\/v2\/media?parent=2725"}],"wp:term":[{"taxonomy":"category","embeddable":true,"href":"https:\/\/blogviajero.com.ar\/en\/wp-json\/wp\/v2\/categories?post=2725"},{"taxonomy":"post_tag","embeddable":true,"href":"https:\/\/blogviajero.com.ar\/en\/wp-json\/wp\/v2\/tags?post=2725"}],"curies":[{"name":"wp","href":"https:\/\/api.w.org\/{rel}","templated":true}]}}