{"id":2708,"date":"2020-03-16T18:02:44","date_gmt":"2020-03-16T21:02:44","guid":{"rendered":"http:\/\/blogviajero.com.ar\/?p=2708"},"modified":"2020-03-16T18:07:02","modified_gmt":"2020-03-16T21:07:02","slug":"latam-reducira-sus-operaciones-en-un-90-de-internacionales-y-40-cabotaje","status":"publish","type":"post","link":"https:\/\/blogviajero.com.ar\/en\/latam-reducira-sus-operaciones-en-un-90-de-internacionales-y-40-cabotaje\/","title":{"rendered":"LATAM reducir\u00e1 sus operaciones en un 90% para vuelos internacionales y 40% en cabotaje"},"content":{"rendered":"<p> \u00abAnte los nuevos anuncios de cierre de fronteras de diversos pa\u00edses y la consecuente ca\u00edda en la demanda, LATAM Airlines Group S.A. y sus filiales informaron que reducir\u00e1n su capacidad en un 70%\u00bb &#8211; comunicado de Latam<\/p>\n\n\n\n<p>Seg\u00fan informaron ese total se compone de 90% de \u00abdisminuci\u00f3n de operaci\u00f3n internacional y un 40% corresponde a vuelos dom\u00e9sticos.<\/p>\n\n\n\n<p>Adicionalmente no descartan reducir a\u00fan m\u00e1s las operaciones si es que las restricciones contin\u00faan ampli\u00e1ndose. <\/p>\n\n\n\n<blockquote class=\"wp-block-quote is-layout-flow wp-block-quote-is-layout-flow\"><p> \u00abFrente a un escenario complejo, y extraordinariamente din\u00e1mico, LATAM est\u00e1 tomando medidas inmediatas y responsables para resguardar la sostenibilidad de la compa\u00f1\u00eda en el largo plazo, protegiendo los planes de viaje de pasajeros y procurando cuidar el empleo de los 43 mil trabajadores del Grupo\u00bb<\/p><p><\/p><cite>Roberto Alvo, vicepresidente Comercial <\/cite><\/blockquote>\n\n\n\n<p>Un factor fundamental en esta decisi\u00f3n de Latam fue que el Gobierno chileno anunci\u00f3 el cierre de fronteras a\u00e9reas a partir del mi\u00e9rcoles, luego de que el n\u00famero de contagiados en el pa\u00eds se duplicase en las \u00faltimas 24 horas y pasase de 75 a 155. <\/p>\n\n\n\n<p><\/p>","protected":false},"excerpt":{"rendered":"<p>\u00abAnte los nuevos anuncios de cierre de fronteras de diversos pa\u00edses y la consecuente ca\u00edda en la demanda, LATAM Airlines Group S.A. y sus filiales informaron que reducir\u00e1n su capacidad en un 70%\u00bb &#8211; comunicado de Latam Seg\u00fan informaron ese total se compone de 90% de \u00abdisminuci\u00f3n de operaci\u00f3n internacional y un 40% corresponde a [&hellip;]<\/p>\n","protected":false},"author":5,"featured_media":2710,"comment_status":"open","ping_status":"closed","sticky":false,"template":"","format":"standard","meta":{"advanced_seo_description":"","jetpack_seo_html_title":"","jetpack_seo_noindex":false,"jetpack_post_was_ever_published":false,"_jetpack_newsletter_access":"","_jetpack_dont_email_post_to_subs":false,"_jetpack_newsletter_tier_id":0,"_jetpack_memberships_contains_paywalled_content":false,"_jetpack_memberships_contains_paid_content":false,"footnotes":"","jetpack_publicize_message":"","jetpack_publicize_feature_enabled":true,"jetpack_social_post_already_shared":false,"jetpack_social_options":{"image_generator_settings":{"template":"highway","default_image_id":0,"font":"","enabled":false},"version":2}},"categories":[4],"tags":[471,391,112,486,487],"class_list":["post-2708","post","type-post","status-publish","format-standard","has-post-thumbnail","hentry","category-aerolineas-y-aviones","tag-cancelaciones","tag-coronavirus","tag-latam","tag-operatoria","tag-reduccion"],"jetpack_publicize_connections":[],"jetpack_featured_media_url":"https:\/\/i0.wp.com\/blogviajero.com.ar\/wp-content\/uploads\/2020\/03\/latam1-blogviajero.com_.ar_.jpg?fit=800%2C536&ssl=1","jetpack_sharing_enabled":true,"jetpack-related-posts":[],"_links":{"self":[{"href":"https:\/\/blogviajero.com.ar\/en\/wp-json\/wp\/v2\/posts\/2708","targetHints":{"allow":["GET"]}}],"collection":[{"href":"https:\/\/blogviajero.com.ar\/en\/wp-json\/wp\/v2\/posts"}],"about":[{"href":"https:\/\/blogviajero.com.ar\/en\/wp-json\/wp\/v2\/types\/post"}],"author":[{"embeddable":true,"href":"https:\/\/blogviajero.com.ar\/en\/wp-json\/wp\/v2\/users\/5"}],"replies":[{"embeddable":true,"href":"https:\/\/blogviajero.com.ar\/en\/wp-json\/wp\/v2\/comments?post=2708"}],"version-history":[{"count":4,"href":"https:\/\/blogviajero.com.ar\/en\/wp-json\/wp\/v2\/posts\/2708\/revisions"}],"predecessor-version":[{"id":2713,"href":"https:\/\/blogviajero.com.ar\/en\/wp-json\/wp\/v2\/posts\/2708\/revisions\/2713"}],"wp:featuredmedia":[{"embeddable":true,"href":"https:\/\/blogviajero.com.ar\/en\/wp-json\/wp\/v2\/media\/2710"}],"wp:attachment":[{"href":"https:\/\/blogviajero.com.ar\/en\/wp-json\/wp\/v2\/media?parent=2708"}],"wp:term":[{"taxonomy":"category","embeddable":true,"href":"https:\/\/blogviajero.com.ar\/en\/wp-json\/wp\/v2\/categories?post=2708"},{"taxonomy":"post_tag","embeddable":true,"href":"https:\/\/blogviajero.com.ar\/en\/wp-json\/wp\/v2\/tags?post=2708"}],"curies":[{"name":"wp","href":"https:\/\/api.w.org\/{rel}","templated":true}]}}